{"id":69,"date":"2015-10-13T00:43:56","date_gmt":"2015-10-13T00:43:56","guid":{"rendered":"http:\/\/temposradiante.com.br\/?p=69"},"modified":"2015-10-13T00:43:56","modified_gmt":"2015-10-13T00:43:56","slug":"solucoes-pra-alergias-oculares","status":"publish","type":"post","link":"http:\/\/temposradiante.com.br\/?p=69","title":{"rendered":"Solu\u00e7\u00f5es pra alergias oculares"},"content":{"rendered":"<div id=\"yui_3_16_0_1_1444696018782_6009\" class=\"yiv0096272037MsoNormal\" align=\"center\"><b id=\"yui_3_16_0_1_1444696018782_6008\"><span id=\"yui_3_16_0_1_1444696018782_6007\">Alergias oculares aumentam nesta \u00e9poca do ano<\/span><\/b><\/div>\n<div id=\"yui_3_16_0_1_1444696018782_6006\" class=\"yiv0096272037MsoNormal\" align=\"center\"><i id=\"yui_3_16_0_1_1444696018782_6005\"><span id=\"yui_3_16_0_1_1444696018782_6004\">Uso de l\u00e1grimas artificiais e compressas geladas podem combater as doen\u00e7as<\/span><\/i><\/div>\n<div id=\"yui_3_16_0_1_1444696018782_6003\" class=\"yiv0096272037MsoNormal\"><\/div>\n<div id=\"yui_3_16_0_1_1444696018782_6002\" class=\"yiv0096272037MsoNormal\"><span id=\"yui_3_16_0_1_1444696018782_6001\">Na primavera, as conjuntivites al\u00e9rgicas se tornam mais frequentes. \u201cA doen\u00e7a est\u00e1 relacionada \u00e0 poliniza\u00e7\u00e3o, que \u00e9 mais comum nesta \u00e9poca do ano, com isso, as pessoas podem manifestar alergias respirat\u00f3rias, como a asma ou rinite al\u00e9rgica, associada a uma ocular\u201d, afirma a oftalmologista da Cl\u00ednica Canto, Dra. Ana Paula Canto. Continua em <a title=\"O MELHOR DA IDADE\" href=\"http:\/\/melhordaidade.blogspot.com.br\/2015\/10\/alergias-oculares-como-trata-las.html\" target=\"_blank\">O MELHOR DA IDADE<\/a><\/span><\/div>\n","protected":false},"excerpt":{"rendered":"<p>Alergias oculares aumentam nesta \u00e9poca do ano Uso de l\u00e1grimas artificiais e compressas geladas podem combater as doen\u00e7as Na primavera, as conjuntivites al\u00e9rgicas se tornam mais frequentes. \u201cA doen\u00e7a est\u00e1 relacionada \u00e0 poliniza\u00e7\u00e3o, que \u00e9 mais comum nesta \u00e9poca do ano, com isso, as pessoas podem manifestar alergias respirat\u00f3rias, como a asma ou rinite al\u00e9rgica, [&hellip;]<\/p>\n","protected":false},"author":1,"featured_media":0,"comment_status":"closed","ping_status":"open","sticky":false,"template":"","format":"standard","meta":[],"categories":[1],"tags":[],"_links":{"self":[{"href":"http:\/\/temposradiante.com.br\/index.php?rest_route=\/wp\/v2\/posts\/69"}],"collection":[{"href":"http:\/\/temposradiante.com.br\/index.php?rest_route=\/wp\/v2\/posts"}],"about":[{"href":"http:\/\/temposradiante.com.br\/index.php?rest_route=\/wp\/v2\/types\/post"}],"author":[{"embeddable":true,"href":"http:\/\/temposradiante.com.br\/index.php?rest_route=\/wp\/v2\/users\/1"}],"replies":[{"embeddable":true,"href":"http:\/\/temposradiante.com.br\/index.php?rest_route=%2Fwp%2Fv2%2Fcomments&post=69"}],"version-history":[{"count":1,"href":"http:\/\/temposradiante.com.br\/index.php?rest_route=\/wp\/v2\/posts\/69\/revisions"}],"predecessor-version":[{"id":70,"href":"http:\/\/temposradiante.com.br\/index.php?rest_route=\/wp\/v2\/posts\/69\/revisions\/70"}],"wp:attachment":[{"href":"http:\/\/temposradiante.com.br\/index.php?rest_route=%2Fwp%2Fv2%2Fmedia&parent=69"}],"wp:term":[{"taxonomy":"category","embeddable":true,"href":"http:\/\/temposradiante.com.br\/index.php?rest_route=%2Fwp%2Fv2%2Fcategories&post=69"},{"taxonomy":"post_tag","embeddable":true,"href":"http:\/\/temposradiante.com.br\/index.php?rest_route=%2Fwp%2Fv2%2Ftags&post=69"}],"curies":[{"name":"wp","href":"https:\/\/api.w.org\/{rel}","templated":true}]}}